{"id":6246,"date":"2023-03-31T13:31:48","date_gmt":"2023-03-31T12:31:48","guid":{"rendered":"https:\/?p=6246"},"modified":"2023-03-31T13:57:16","modified_gmt":"2023-03-31T12:57:16","slug":"appel-a-candidature-responsable-cellule-regionale","status":"publish","type":"post","link":"https:\/\/fgbc.cm\/en\/2023\/03\/31\/appel-a-candidature-responsable-cellule-regionale\/","title":{"rendered":"Appel \u00e0 candidature: Responsable Cellule R\u00e9gionale"},"content":{"rendered":"<p>La\u00a0<b>GIZ\u00a0<\/b>a \u00e9t\u00e9 retenue comme Sous-R\u00e9cipiendaire \u00ab Droits humains \u00bb pour\u00a0<b>CARE CAMEROUN\u00a0<\/b>et aura comme partenaire de mise en \u0153uvre le\u00a0<b>RENATA\u00a0<\/b>pour la mise en \u0153uvre de cette composante dans les r\u00e9gions du Adamaoua Nord Extr\u00eame-nord (ANEN) du Cameroun<\/p>\n<p>Dans le cadre du Nouveau M\u00e9canisme de Financement du Fonds Mondial de lutte contre la Tuberculose, le VIH et le Paludisme en subvention locale et directe.<\/p>\n<p>Le RENATA, assurera la Coordination R\u00e9gionale pour les r\u00e9gions sus cit\u00e9es et disposera d\u2019un Bureau d\u2019Appui National pour la mise en \u0153uvre du projet.<br \/>\nLa dur\u00e9e du projet est fix\u00e9e de mars 2023 au 31 d\u00e9cembre 2023 et pour son ex\u00e9cution l\u2019ONG RENATA doit recruter du personnel.<\/p>\n<p><b>1. Objet de l\u2019appel \u00e0 candidatures\u00a0<\/b><\/p>\n<p>Dans le cadre de la r\u00e9alisation de ses activit\u00e9s, le\u00a0<b>RENATA\u00a0<\/b>lance un appel \u00e0 candidature pour le recrutement du personnel suivant pour la Coordination R\u00e9gionale Adamaoua, Nord et Extr\u00eame-nord :\u00a0<b>Responsable Cellule R\u00e9gionale<\/b>\/ADAMAOUA \u2013 NORD \u2013 EXTREME-NORD<\/p>\n<p><b><u>PROFIL<\/u><\/b><\/p>\n<p><script async src=\"https:\/\/pagead2.googlesyndication.com\/pagead\/js\/adsbygoogle.js?client=ca-pub-6363174921125433\"\n     crossorigin=\"anonymous\"><\/script><br \/>\n<!-- test --><br \/>\n<ins class=\"adsbygoogle\"\n     style=\"display:block\"\n     data-ad-client=\"ca-pub-6363174921125433\"\n     data-ad-slot=\"6970240984\"\n     data-ad-format=\"auto\"\n     data-full-width-responsive=\"true\"><\/ins><br \/>\n<script>\n     (adsbygoogle = window.adsbygoogle || []).push({});\n<\/script><\/p>\n<ul>\n<li>Bac +4 ann\u00e9es en \u00e9conomie, gestion, droits des affaires, suivi \u00e9valuation ou dans un domaine connexe<\/li>\n<li>Minimum 02 ans d\u2019exp\u00e9riences professionnelles dont 01 an d\u2019exp\u00e9rience professionnelle ant\u00e9rieure pertinente notamment dans le cadre des projets financ\u00e9s par les Bailleurs de Fonds internationaux ou les ONG<\/li>\n<li>Avoir travaill\u00e9 dans un poste similaire<\/li>\n<li>Connaissance pratique de l\u2019utilisation des logiciels d\u00e9di\u00e9s \u00e0 la gestion de projet (ACCESS, EXCEL, EPI DATA, etc.)<\/li>\n<li>Sens de l\u2019organisation, rigueur analytique et respect des d\u00e9lais requis pour la production et la transmission des documents<\/li>\n<li>Coordonner les activit\u00e9s de sa zone d\u2019intervention<\/li>\n<li>Repr\u00e9senter le projet dans sa zone d\u2019intervention<\/li>\n<li>Capacit\u00e9 \u00e0 \u00e9tablir de solides relations de travail avec des coll\u00e8gues de diff\u00e9rentes fonctions et cultures<\/li>\n<li>Capacit\u00e9 de r\u00e9daction des rapports techniques<\/li>\n<li>Capacit\u00e9 de travailler sous pression<\/li>\n<li>Ma\u00eetrise de Word, Excel, Powerpoint, Internet<\/li>\n<li>Ma\u00eetrise parfaite, \u00e9crite et orale, du fran\u00e7ais et\/ou de l\u2019anglais<\/li>\n<\/ul>\n<p><b>2. Lieux d\u2019ex\u00e9cution du contrat :<\/b><\/p>\n<p>Les lieux d\u2019ex\u00e9cution du contrat du personnel sont :\u00a0<b>Garoua, avec des d\u00e9placements dans les r\u00e9gions du l\u2019Adamaoua, Nord et Extr\u00eame-nord pour le personnel recrut\u00e9<\/b>.<\/p>\n<p><b>3. Conditions de Travail :<\/b><\/p>\n<ul>\n<li>Contrat de travail de droit local<\/li>\n<li>R\u00e9mun\u00e9ration selon profil, exp\u00e9rience et disponibilit\u00e9 budg\u00e9taire<\/li>\n<li>Dur\u00e9e du contrat d\u00e9termin\u00e9 : 10 mois avec p\u00e9riode d\u2019essai de 02 mois. Prise de fonction : Mars 2023 d\u00e8s signature du contrat.<\/li>\n<\/ul>\n<p><b>4. D\u00e9lai de d\u00e9p\u00f4t des candidatures :<\/b><\/p>\n<p>Sous plis ferm\u00e9 avec la mention : \u00ab AVIS D\u2019APPEL A CANDIDATURES EN URGENCE OUVERT N\u00b0 003 GIZ Pro-PASSaR \/RENATA\/ NFM 3\/DE\/RAF\/2023 pour le poste de \u2026\u2026\u2026\u00bb, les pi\u00e8ces \u00e0 fournir sont :<\/p>\n<ul>\n<li>\u00a0une lettre de motivation<\/li>\n<li>un CV<\/li>\n<li>la photocopie du dernier dipl\u00f4me ou attestation<\/li>\n<li>les justificatifs de l\u2019exp\u00e9rience<\/li>\n<li>une photocopie de la carte nationale d\u2019identit\u00e9 valide<\/li>\n<li>deux r\u00e9f\u00e9rences<\/li>\n<li>la pr\u00e9tention salariale<\/li>\n<\/ul>\n<p><script async src=\"https:\/\/pagead2.googlesyndication.com\/pagead\/js\/adsbygoogle.js?client=ca-pub-6363174921125433\"\n     crossorigin=\"anonymous\"><\/script><br \/>\n<!-- test --><br \/>\n<ins class=\"adsbygoogle\"\n     style=\"display:block\"\n     data-ad-client=\"ca-pub-6363174921125433\"\n     data-ad-slot=\"6970240984\"\n     data-ad-format=\"auto\"\n     data-full-width-responsive=\"true\"><\/ins><br \/>\n<script>\n     (adsbygoogle = window.adsbygoogle || []).push({});\n<\/script><\/p>\n<p>A d\u00e9poser \u00e0 Yaound\u00e9, au niveau du bureau central du\u00a0<b>RENATA sis \u00e0 50m des rails Ngousso en allant vers Santa Barbara a l\u2019immeuble abritant Atlantic Pressing<\/b>\u00a0ou par courriel \u00e0 l\u2019adresse mail\u00a0<a href=\"mailto:renatantines@yahoo.com\">renatantines@yahoo.com<\/a><\/p>\n<p>Tout dossier incomplet, envoy\u00e9 en retard ou d\u00e9pos\u00e9 aupr\u00e8s des partenaires sera purement et simplement rejet\u00e9.<\/p>\n<p><b><u>D\u00e9lai: le vendredi 31 Mars 2023 d\u00e9lai de rigueur,\u00a0\u00a0\u00a0<\/u><\/b><\/p>","protected":false},"excerpt":{"rendered":"<p>La\u00a0GIZ\u00a0a \u00e9t\u00e9 retenue comme Sous-R\u00e9cipiendaire \u00ab Droits humains \u00bb pour\u00a0CARE CAMEROUN\u00a0et aura comme partenaire de mise en \u0153uvre le\u00a0RENATA\u00a0pour la mise en \u0153uvre de cette composante dans les r\u00e9gions du Adamaoua Nord Extr\u00eame-nord (ANEN) du Cameroun Dans le cadre du Nouveau M\u00e9canisme de Financement du Fonds Mondial de lutte contre la Tuberculose, le VIH et &hellip; <a href=\"https:\/\/fgbc.cm\/en\/2023\/03\/31\/appel-a-candidature-responsable-cellule-regionale\/\" class=\"more-link\">Continue reading <span class=\"screen-reader-text\">Appel \u00e0 candidature: Responsable Cellule R\u00e9gionale<\/span><\/a><\/p>","protected":false},"author":9,"featured_media":6177,"comment_status":"open","ping_status":"open","sticky":false,"template":"","format":"standard","meta":{"inline_featured_image":false,"footnotes":""},"categories":[174],"tags":[],"class_list":["post-6246","post","type-post","status-publish","format-standard","has-post-thumbnail","hentry","category-offre-demploi"],"_links":{"self":[{"href":"https:\/\/fgbc.cm\/en\/wp-json\/wp\/v2\/posts\/6246","targetHints":{"allow":["GET"]}}],"collection":[{"href":"https:\/\/fgbc.cm\/en\/wp-json\/wp\/v2\/posts"}],"about":[{"href":"https:\/\/fgbc.cm\/en\/wp-json\/wp\/v2\/types\/post"}],"author":[{"embeddable":true,"href":"https:\/\/fgbc.cm\/en\/wp-json\/wp\/v2\/users\/9"}],"replies":[{"embeddable":true,"href":"https:\/\/fgbc.cm\/en\/wp-json\/wp\/v2\/comments?post=6246"}],"version-history":[{"count":4,"href":"https:\/\/fgbc.cm\/en\/wp-json\/wp\/v2\/posts\/6246\/revisions"}],"predecessor-version":[{"id":6255,"href":"https:\/\/fgbc.cm\/en\/wp-json\/wp\/v2\/posts\/6246\/revisions\/6255"}],"wp:featuredmedia":[{"embeddable":true,"href":"https:\/\/fgbc.cm\/en\/wp-json\/wp\/v2\/media\/6177"}],"wp:attachment":[{"href":"https:\/\/fgbc.cm\/en\/wp-json\/wp\/v2\/media?parent=6246"}],"wp:term":[{"taxonomy":"category","embeddable":true,"href":"https:\/\/fgbc.cm\/en\/wp-json\/wp\/v2\/categories?post=6246"},{"taxonomy":"post_tag","embeddable":true,"href":"https:\/\/fgbc.cm\/en\/wp-json\/wp\/v2\/tags?post=6246"}],"curies":[{"name":"wp","href":"https:\/\/api.w.org\/{rel}","templated":true}]}}