{"id":6266,"date":"2023-03-31T15:38:08","date_gmt":"2023-03-31T14:38:08","guid":{"rendered":"https:\/?p=6266"},"modified":"2023-03-31T15:38:08","modified_gmt":"2023-03-31T14:38:08","slug":"lunicef-recrute-pour-ces-02-postes-27-mars-2023","status":"publish","type":"post","link":"https:\/\/fgbc.cm\/en\/2023\/03\/31\/lunicef-recrute-pour-ces-02-postes-27-mars-2023\/","title":{"rendered":"L\u2019UNICEF recrute pour ces 02 postes (27 Mars 2023)"},"content":{"rendered":"<section class=\"elementor-section elementor-inner-section elementor-element elementor-element-62d12b8 elementor-section-boxed elementor-section-height-default elementor-section-height-default\" data-id=\"62d12b8\" data-element_type=\"section\">\n<div class=\"elementor-container elementor-column-gap-default\">\n<div class=\"elementor-row\">\n<div class=\"elementor-column elementor-col-100 elementor-inner-column elementor-element elementor-element-3c3ad6e\" data-id=\"3c3ad6e\" data-element_type=\"column\">\n<div class=\"elementor-column-wrap elementor-element-populated\">\n<div class=\"elementor-widget-wrap\">\n<div class=\"elementor-element elementor-element-15f2f69 elementor-widget elementor-widget-heading\" data-id=\"15f2f69\" data-element_type=\"widget\" data-widget_type=\"heading.default\">\n<div class=\"elementor-widget-container\">\n<h2 class=\"elementor-heading-title elementor-size-default\">Informations sur l&#8217;emploi<\/h2>\n<\/div>\n<\/div>\n<div class=\"elementor-element elementor-element-e89dcf2 elementor-widget elementor-widget-heading\" data-id=\"e89dcf2\" data-element_type=\"widget\" data-widget_type=\"heading.default\">\n<div class=\"elementor-widget-container\">\n<h2 class=\"elementor-heading-title elementor-size-default\">Titre du Poste : 02 postes<\/h2>\n<\/div>\n<\/div>\n<div class=\"elementor-element elementor-element-41fa1a6 elementor-widget elementor-widget-heading\" data-id=\"41fa1a6\" data-element_type=\"widget\" data-widget_type=\"heading.default\">\n<div class=\"elementor-widget-container\">\n<h2 class=\"elementor-heading-title elementor-size-default\">Lieu du Travail : RDC<\/h2>\n<\/div>\n<\/div>\n<\/div>\n<\/div>\n<\/div>\n<\/div>\n<\/div>\n<\/section>\n<section class=\"elementor-section elementor-inner-section elementor-element elementor-element-fc2a388 elementor-section-boxed elementor-section-height-default elementor-section-height-default\" data-id=\"fc2a388\" data-element_type=\"section\">\n<div class=\"elementor-container elementor-column-gap-default\">\n<div class=\"elementor-row\">\n<div class=\"elementor-column elementor-col-100 elementor-inner-column elementor-element elementor-element-ccd4e94\" data-id=\"ccd4e94\" data-element_type=\"column\">\n<div class=\"elementor-column-wrap elementor-element-populated\">\n<div class=\"elementor-widget-wrap\">\n<div class=\"elementor-element elementor-element-cf3b31f elementor-widget elementor-widget-heading\" data-id=\"cf3b31f\" data-element_type=\"widget\" data-widget_type=\"heading.default\">\n<div class=\"elementor-widget-container\">\n<h2 class=\"elementor-heading-title elementor-size-default\">Description de l&#8217;emploi<\/h2>\n<\/div>\n<\/div>\n<div class=\"elementor-element elementor-element-257e7e9 elementor-widget elementor-widget-theme-post-content\" data-id=\"257e7e9\" data-element_type=\"widget\" data-widget_type=\"theme-post-content.default\">\n<div class=\"elementor-widget-container\">\n<p>L\u2019<strong><a href=\"https:\/\/yop.l-frii.com\/emploi\/le-fonds-des-nations-unies-pour-la-population-unfpa-recrute-27-mars-2023\/\" target=\"_blank\" rel=\"noopener\">UNICEF<\/a><\/strong>\u00a0travaille dans certains des endroits les plus difficiles du monde, pour atteindre les enfants les plus d\u00e9favoris\u00e9s de la plan\u00e8te. Pour sauver leur vie.<\/p>\n<div id=\"advads-958921495\" class=\"advads-contenu-1\">\n<div id=\"advertising_inread\"><\/div>\n<\/div>\n<p><a href=\"https:\/\/bit.ly\/40hz0z0\" target=\"_blank\" rel=\"noopener\"><em><strong>Togo : Relation Main D\u2019\u0153uvre (RMO ) recrute pour ces 75 postes (26 Mars 2023)<\/strong><\/em><\/a><\/p>\n<p>&nbsp;<\/p>\n<h2><strong>POSTE 1 : Sp\u00e9cialiste de la cha\u00eene d\u2019approvisionnement \u2013 P3\u00a0<\/strong><\/h2>\n<p><strong>Appui \u00e0 la Gestion des hubs des vaccins<\/strong><\/p>\n<ul>\n<li>Suivi des services d\u2019\u00e9valuation des installations de cha\u00eene de froid en cours et par la suite le suivi des recommandations pour la mise \u00e0 niveau des hubs ;<\/li>\n<li>Proposeur de solutions pour l\u2019optimisation des \u00e9quipements de cha\u00eene de froid du pays.<\/li>\n<\/ul>\n<p><strong>Pour \u00eatre consid\u00e9r\u00e9 comme un d\u00e9fenseur de chaque enfant, vous devez\u2026<\/strong><\/p>\n<ul type=\"disc\">\n<li><strong>FORMATION\u00a0:\u00a0<\/strong>\u00a0Un dipl\u00f4me universitaire sup\u00e9rieur (ma\u00eetrise) dans l\u2019un des multiples domaines de la gestion de la cha\u00eene de froid de l\u2019immunisation notamment\u00a0: froid industriel, Ing\u00e9nierie m\u00e9canique, Materials et Supply Chain Management, Logistique vaccinale et de la sant\u00e9, sciences pharmaceutiques et m\u00e9dicaux, ou d\u2019autres domaines connexes sont requis<\/li>\n<li>\n<h3><strong>EXPERIENCE PROFESSIONNELLE :<\/strong><\/h3>\n<\/li>\n<\/ul>\n<ul type=\"circle\">\n<li>Un minimum de cinq (5) ans d\u2019exp\u00e9rience professionnelle pertinente dans le renforcement des capacit\u00e9s de la cha\u00eene d\u2019approvisionnement du secteur de la sant\u00e9, dont au moins quatre ans dans des pays \u00e0 revenu faible ou interm\u00e9diaire (mise en \u0153uvre) et en relation avec la cha\u00eene d\u2019approvisionnement<\/li>\n<li>Connaissance de la gestion et du soutien des programmes d\u2019immunisation, y compris la gestion des vaccins, l\u2019approvisionnement et l\u2019installation des \u00e9quipements de cha\u00eene de froid, le financement CCEOP, est requis,<\/li>\n<li>Connaissance technique de la cha\u00eene d\u2019approvisionnement en vaccins et de la cha\u00eene du froid et des programmes de d\u00e9veloppement<\/li>\n<li>Une connaissance technique de gestion, d\u00e9ploiement et maintenance des \u00e9quipements de cha\u00eene la cha\u00eene du froid<\/li>\n<li>Exp\u00e9rience d\u00e9montr\u00e9e dans la conduite des inventaires de cha\u00eene de froid, en mati\u00e8re de gestion de projet de solarisation est un plus<\/li>\n<li>Une exp\u00e9rience de travail en RDC et\/ou dans un pays en d\u00e9veloppement et une connaissance des situations d\u2019urgence sont prises comme un atout<\/li>\n<\/ul>\n<ul>\n<li><strong>Exigences linguistiques<\/strong>\u00a0\u00a0: La ma\u00eetrise du fran\u00e7ais est requise.\u00a0Connaissance d\u2019une autre langue officielle de l\u2019ONU, en particulier l\u2019anglais ou le portugais, un atout.\u00a0(Autres langues de l\u2019ONU arabe, chinois, russe ou espagnol).<\/li>\n<\/ul>\n<p><strong>Pour chaque enfant, vous d\u00e9montrez\u2026<\/strong><\/p>\n<p>Les valeurs fondamentales de l\u2019UNICEF \u2013 attention, respect, int\u00e9grit\u00e9, confiance, responsabilit\u00e9 et durabilit\u00e9 (CRITAS) \u2013 sous-tendent tout ce que nous et la mani\u00e8re dont nous faisons le faisons.\u00a0Faites connaissance avec notre Charte des valeurs :\u00a0<a title=\"https:\/\/uni.cf\/UNICEFValues\" href=\"https:\/\/www.unicef.org\/careers\/get-prepared#Values\">Valeurs de l\u2019UNICEF<\/a><\/p>\n<p><strong>Les comp\u00e9tences de l\u2019UNICEF requises pour ce poste sont\u2026<\/strong><\/p>\n<p>(1) Cr\u00e9er et entretenir des partenariats<\/p>\n<p>(2) Faire preuve de conscience de soi et de conscience \u00e9thique<\/p>\n<p>(3) S\u2019efforcer d\u2019obtenir des r\u00e9sultats pour avoir un impact<\/p>\n<p>(4) Innover et accepter le changement<\/p>\n<p>(5) G\u00e9rer l\u2019 ambigu\u00eft\u00e9 et la complexit\u00e9<\/p>\n<p>(6) Penser et agir de mani\u00e8re strat\u00e9gique<\/p>\n<p>(7) Travailler en collaboration avec les autres.<\/p>\n<p><a href=\"https:\/\/jobs.unicef.org\/en-us\/job\/560505\/supply-chain-specialist-p3-ta-364-jours-kinshasa-r%C3%A9serv%C3%A9-aux-candidats-non-ressortissants-de-la-rdc\" target=\"_blank\" rel=\"noopener\"><strong>Postulez en ligne<\/strong><\/a><\/p>\n<h2><strong>POSTE 2 :\u00a0Un chauffeur \u2013 (GS-2)<\/strong><\/h2>\n<p><strong>Vos responsabilit\u00e9s:<\/strong><\/p>\n<ul type=\"disc\">\n<li>Conduire les v\u00e9hicules du bureau pour le transport du personnel autoris\u00e9, distribuer et r\u00e9colter le courrier, les documents et \u00e9quipements divers destin\u00e9s au bureau;<\/li>\n<li>Accueillir le personnel officiel \u00e0 l\u2019a\u00e9roport &amp; aux autres portes d\u2019entr\u00e9e de la ville et facilite les formalit\u00e9s d\u2019immigration et de douanes si n\u00e9cessaire ;<\/li>\n<li>Veiller \u00e0 l\u2019entretien quotidien des v\u00e9hicules officiels, v\u00e9rifier les niveaux d\u2019huile, de l\u2019eau, l\u2019\u00e9tat de la batterie, des freins et des pneus. Veiller \u00e0 la propret\u00e9 des v\u00e9hicules. Recommander des r\u00e9parations ou r\u00e9visions majeures des v\u00e9hicules ;<\/li>\n<li>Demander \u00e0 l\u2019avance et g\u00e9rer les pi\u00e8ces de rechanges, carburant r\u00e9serve qu\u2019il faut tenir en stock r\u00e9guli\u00e8rement ;<\/li>\n<li>Effectuer les r\u00e9parations mineures et faire effectuer les grosses r\u00e9parations par des m\u00e9caniciens qualifi\u00e9s ;<\/li>\n<li>Tenir les registres des courses officielles, du kilom\u00e9trage quotidien, de la consommation d\u2019essence, des vidanges, des graissages etc.;<\/li>\n<li>Veiller \u00e0 ce que les formalit\u00e9s pr\u00e9vues dans les dispositions r\u00e9glementaires soient remplies en cas d\u2019accident ;<\/li>\n<li>Accomplir d\u2019autres t\u00e2ches op\u00e9rationnelles confi\u00e9es par le Superviseur.<\/li>\n<\/ul>\n<p><strong>Services de conduite fiables et s\u00fbrs pour le personnel et les officiels<\/strong><\/p>\n<ul>\n<li>Conduit des v\u00e9hicules de bureau pour le transport du personnel, des fonctionnaires, des visiteurs et de la livraison des colis et la collecte du courrier, des documents et d\u2019autres objets<\/li>\n<li>Rencontre le personnel officiel et les visiteurs \u00e0 l\u2019a\u00e9roport et aide aux formalit\u00e9s et aux arrangements administratifs si n\u00e9cessaire.<\/li>\n<\/ul>\n<h3><strong>Entretien des v\u00e9hicules assign\u00e9s<\/strong><\/h3>\n<ul>\n<li>S\u2019assure que les v\u00e9hicules sont maintenus en bon \u00e9tat de fonctionnement \u00e0 tout moment en traitant les r\u00e9parations mineures, en prenant des dispositions pour les r\u00e9parations majeures, en changeant l\u2019huile en temps opportun, en v\u00e9rifiant les pneus, les freins, les niveaux d\u2019eau et le nettoyage de son v\u00e9hicule.<\/li>\n<\/ul>\n<p><strong>Documentation des informations relatives au v\u00e9hicule<\/strong><\/p>\n<ul>\n<li>S\u2019assure de la disponibilit\u00e9 et de la validit\u00e9 de tous les documents\/fournitures requis, y compris l\u2019assurance du v\u00e9hicule, immatriculation du v\u00e9hicule, journaux de bord du v\u00e9hicule, r\u00e9pertoire des bureaux, carte de la ville\/du pays, trousse de premiers soins, et les pi\u00e8ces de rechange n\u00e9cessaires dans les v\u00e9hicules affect\u00e9s\u00a0; assure le suivi des assurances et autres taxes formalit\u00e9s.<\/li>\n<\/ul>\n<p><strong>Pour \u00eatre consid\u00e9r\u00e9 comme un d\u00e9fenseur de chaque enfant, vous devez\u2026<\/strong><\/p>\n<ul type=\"disc\">\n<li><strong>EDUCATION :\u00a0<\/strong>Etudes secondaires de pr\u00e9f\u00e9rence compl\u00e9t\u00e9es par une formation en m\u00e9canique-automobile.<\/li>\n<li><strong>EXPERIENCE PROFESSIONNELLE:<\/strong><\/li>\n<\/ul>\n<ul type=\"circle\">\n<li>Avoir une exp\u00e9rience professionnelle d\u2019au moins 2 (deux) ans de travail en qualit\u00e9 de chauffeur<\/li>\n<li>Avoir un permis de conduire valide ;<\/li>\n<li>Avoir la ma\u00eetrise du code de la route ;<\/li>\n<li>Etre capable d\u2019effectuer des petites r\u00e9parations d\u2019automobiles ;<\/li>\n<li>Avoir une excellente pr\u00e9sentation et de la discr\u00e9tion ;<\/li>\n<\/ul>\n<p><a href=\"https:\/\/jobs.unicef.org\/en-us\/job\/560504\/un-chauffeur-gs2-ta-364-jours-kisangani-r%C3%A9serv%C3%A9-aux-candidats-nationaux-de-la-rdc\" target=\"_blank\" rel=\"noopener\"><strong>Postulez en ligne<\/strong><\/a><\/p>\n<\/div>\n<\/div>\n<\/div>\n<\/div>\n<\/div>\n<\/div>\n<\/div>\n<\/section>","protected":false},"excerpt":{"rendered":"<p>Informations sur l&#8217;emploi Titre du Poste : 02 postes Lieu du Travail : RDC Description de l&#8217;emploi L\u2019UNICEF\u00a0travaille dans certains des endroits les plus difficiles du monde, pour atteindre les enfants les plus d\u00e9favoris\u00e9s de la plan\u00e8te. Pour sauver leur vie. Togo : Relation Main D\u2019\u0153uvre (RMO ) recrute pour ces 75 postes (26 Mars &hellip; <a href=\"https:\/\/fgbc.cm\/en\/2023\/03\/31\/lunicef-recrute-pour-ces-02-postes-27-mars-2023\/\" class=\"more-link\">Continue reading <span class=\"screen-reader-text\">L\u2019UNICEF recrute pour ces 02 postes (27 Mars 2023)<\/span><\/a><\/p>","protected":false},"author":9,"featured_media":6269,"comment_status":"open","ping_status":"open","sticky":false,"template":"","format":"standard","meta":{"inline_featured_image":false,"footnotes":""},"categories":[174],"tags":[],"class_list":["post-6266","post","type-post","status-publish","format-standard","has-post-thumbnail","hentry","category-offre-demploi"],"_links":{"self":[{"href":"https:\/\/fgbc.cm\/en\/wp-json\/wp\/v2\/posts\/6266","targetHints":{"allow":["GET"]}}],"collection":[{"href":"https:\/\/fgbc.cm\/en\/wp-json\/wp\/v2\/posts"}],"about":[{"href":"https:\/\/fgbc.cm\/en\/wp-json\/wp\/v2\/types\/post"}],"author":[{"embeddable":true,"href":"https:\/\/fgbc.cm\/en\/wp-json\/wp\/v2\/users\/9"}],"replies":[{"embeddable":true,"href":"https:\/\/fgbc.cm\/en\/wp-json\/wp\/v2\/comments?post=6266"}],"version-history":[{"count":1,"href":"https:\/\/fgbc.cm\/en\/wp-json\/wp\/v2\/posts\/6266\/revisions"}],"predecessor-version":[{"id":6270,"href":"https:\/\/fgbc.cm\/en\/wp-json\/wp\/v2\/posts\/6266\/revisions\/6270"}],"wp:featuredmedia":[{"embeddable":true,"href":"https:\/\/fgbc.cm\/en\/wp-json\/wp\/v2\/media\/6269"}],"wp:attachment":[{"href":"https:\/\/fgbc.cm\/en\/wp-json\/wp\/v2\/media?parent=6266"}],"wp:term":[{"taxonomy":"category","embeddable":true,"href":"https:\/\/fgbc.cm\/en\/wp-json\/wp\/v2\/categories?post=6266"},{"taxonomy":"post_tag","embeddable":true,"href":"https:\/\/fgbc.cm\/en\/wp-json\/wp\/v2\/tags?post=6266"}],"curies":[{"name":"wp","href":"https:\/\/api.w.org\/{rel}","templated":true}]}}