{"id":6326,"date":"2023-08-01T12:10:35","date_gmt":"2023-08-01T11:10:35","guid":{"rendered":"https:\/?p=6326"},"modified":"2023-08-01T12:15:11","modified_gmt":"2023-08-01T11:15:11","slug":"apres-sa-mise-a-jour-twitter-etablit-un-nouveau-record-du-nombre-dutilisateurs","status":"publish","type":"post","link":"https:\/\/fgbc.cm\/en\/2023\/08\/01\/apres-sa-mise-a-jour-twitter-etablit-un-nouveau-record-du-nombre-dutilisateurs\/","title":{"rendered":"Apr\u00e8s sa mise \u00e0 jour, Twitter \u00e9tablit un nouveau record du nombre d\u2019utilisateurs"},"content":{"rendered":"<p><a href=\"https:\/\/www.operanewsapp.com\/cm\/fr\/share\/detail?news_id=b8aa607e69d7d44c8a1415ce256db3b0&amp;news_entry_id=d010454230729fr_cm&amp;open_type=transcoded&amp;from=news&amp;request_id=share_request\">DIA-28 juillet 2023: Le r\u00e9seau social Twitter, qui est en train de changer de nom en X, a renouvel\u00e9 le record du nombre d\u2019utilisateurs par mois en 2023. C\u2019est ce qu\u2019a annonc\u00e9 son propri\u00e9taire, l\u2019homme d\u2019affaires am\u00e9ricain Elon Musk, sur sa page.<\/a>,,lire plus<\/p>","protected":false},"excerpt":{"rendered":"<p>DIA-28 juillet 2023: Le r\u00e9seau social Twitter, qui est en train de changer de nom en X, a renouvel\u00e9 le record du nombre d\u2019utilisateurs par mois en 2023. C\u2019est ce qu\u2019a annonc\u00e9 son propri\u00e9taire, l\u2019homme d\u2019affaires am\u00e9ricain Elon Musk, sur sa page.,,lire plus<\/p>","protected":false},"author":20,"featured_media":6328,"comment_status":"open","ping_status":"open","sticky":false,"template":"","format":"standard","meta":{"inline_featured_image":false,"footnotes":""},"categories":[168],"tags":[],"class_list":["post-6326","post","type-post","status-publish","format-standard","has-post-thumbnail","hentry","category-actualites"],"_links":{"self":[{"href":"https:\/\/fgbc.cm\/en\/wp-json\/wp\/v2\/posts\/6326","targetHints":{"allow":["GET"]}}],"collection":[{"href":"https:\/\/fgbc.cm\/en\/wp-json\/wp\/v2\/posts"}],"about":[{"href":"https:\/\/fgbc.cm\/en\/wp-json\/wp\/v2\/types\/post"}],"author":[{"embeddable":true,"href":"https:\/\/fgbc.cm\/en\/wp-json\/wp\/v2\/users\/20"}],"replies":[{"embeddable":true,"href":"https:\/\/fgbc.cm\/en\/wp-json\/wp\/v2\/comments?post=6326"}],"version-history":[{"count":1,"href":"https:\/\/fgbc.cm\/en\/wp-json\/wp\/v2\/posts\/6326\/revisions"}],"predecessor-version":[{"id":6329,"href":"https:\/\/fgbc.cm\/en\/wp-json\/wp\/v2\/posts\/6326\/revisions\/6329"}],"wp:featuredmedia":[{"embeddable":true,"href":"https:\/\/fgbc.cm\/en\/wp-json\/wp\/v2\/media\/6328"}],"wp:attachment":[{"href":"https:\/\/fgbc.cm\/en\/wp-json\/wp\/v2\/media?parent=6326"}],"wp:term":[{"taxonomy":"category","embeddable":true,"href":"https:\/\/fgbc.cm\/en\/wp-json\/wp\/v2\/categories?post=6326"},{"taxonomy":"post_tag","embeddable":true,"href":"https:\/\/fgbc.cm\/en\/wp-json\/wp\/v2\/tags?post=6326"}],"curies":[{"name":"wp","href":"https:\/\/api.w.org\/{rel}","templated":true}]}}