{"id":6367,"date":"2023-08-07T11:59:13","date_gmt":"2023-08-07T10:59:13","guid":{"rendered":"https:\/?p=6367"},"modified":"2023-08-07T12:10:59","modified_gmt":"2023-08-07T11:10:59","slug":"le-bureau-du-pam-recrute-pour-ces-2-postes-04-aout-2023","status":"publish","type":"post","link":"https:\/\/fgbc.cm\/en\/2023\/08\/07\/le-bureau-du-pam-recrute-pour-ces-2-postes-04-aout-2023\/","title":{"rendered":"Le Bureau du PAM recrute pour ces 2 postes (04 Ao\u00fbt 2023)"},"content":{"rendered":"<p>Ces postes sont \u00e0 pouvoir dans des bureaux de pays, des bureaux de section ou des bureaux de terrain, et les titulaires rel\u00e8vent du ou de la Charg\u00e9(e) des services a\u00e9riens ou de son ou sa suppl\u00e9ant(e). Les titulaires se sp\u00e9cialisent g\u00e9n\u00e9ralement soit dans le transport a\u00e9rien soit dans les mouvements a\u00e9riens, et \u00e0 ce niveau, ils travaillent sous une supervision minimale et assument la responsabilit\u00e9 de la r\u00e9alisation de diverses op\u00e9rations et activit\u00e9s n\u00e9cessitant d\u2019eux qu\u2019ils interpr\u00e8tent dans une certaine mesure les orientations et pratiques standard \u00e0 leur disposition. Toutes et tous doivent pouvoir recommander des lignes d\u2019action simples \u00e0 leurs coll\u00e8gues \u00e0 divers \u00e9chelons et peuvent assigner des t\u00e2ches \u00e0 d\u2019autres membres du personnel d\u2019appui.<\/p>\n<p>&nbsp;<\/p>\n<p><a href=\"http:\/\/fgbc.cm\/wp-content\/uploads\/2023\/08\/Le-PAM-recrute-pour-ce-poste-05-Juillet-2023.png\"><img fetchpriority=\"high\" decoding=\"async\" class=\"alignnone size-medium wp-image-6369\" src=\"http:\/\/fgbc.cm\/wp-content\/uploads\/2023\/08\/Le-PAM-recrute-pour-ce-poste-05-Juillet-2023-300x184.png\" alt=\"\" width=\"300\" height=\"184\" \/><\/a><\/p>","protected":false},"excerpt":{"rendered":"<p>Ces postes sont \u00e0 pouvoir dans des bureaux de pays, des bureaux de section ou des bureaux de terrain, et les titulaires rel\u00e8vent du ou de la Charg\u00e9(e) des services a\u00e9riens ou de son ou sa suppl\u00e9ant(e). Les titulaires se sp\u00e9cialisent g\u00e9n\u00e9ralement soit dans le transport a\u00e9rien soit dans les mouvements a\u00e9riens, et \u00e0 ce &hellip; <a href=\"https:\/\/fgbc.cm\/en\/2023\/08\/07\/le-bureau-du-pam-recrute-pour-ces-2-postes-04-aout-2023\/\" class=\"more-link\">Continue reading <span class=\"screen-reader-text\">Le Bureau du PAM recrute pour ces 2 postes (04 Ao\u00fbt 2023)<\/span><\/a><\/p>","protected":false},"author":20,"featured_media":0,"comment_status":"open","ping_status":"open","sticky":false,"template":"","format":"standard","meta":{"inline_featured_image":false,"footnotes":""},"categories":[174,1],"tags":[],"class_list":["post-6367","post","type-post","status-publish","format-standard","hentry","category-offre-demploi","category-uncategorized"],"_links":{"self":[{"href":"https:\/\/fgbc.cm\/en\/wp-json\/wp\/v2\/posts\/6367","targetHints":{"allow":["GET"]}}],"collection":[{"href":"https:\/\/fgbc.cm\/en\/wp-json\/wp\/v2\/posts"}],"about":[{"href":"https:\/\/fgbc.cm\/en\/wp-json\/wp\/v2\/types\/post"}],"author":[{"embeddable":true,"href":"https:\/\/fgbc.cm\/en\/wp-json\/wp\/v2\/users\/20"}],"replies":[{"embeddable":true,"href":"https:\/\/fgbc.cm\/en\/wp-json\/wp\/v2\/comments?post=6367"}],"version-history":[{"count":2,"href":"https:\/\/fgbc.cm\/en\/wp-json\/wp\/v2\/posts\/6367\/revisions"}],"predecessor-version":[{"id":6373,"href":"https:\/\/fgbc.cm\/en\/wp-json\/wp\/v2\/posts\/6367\/revisions\/6373"}],"wp:attachment":[{"href":"https:\/\/fgbc.cm\/en\/wp-json\/wp\/v2\/media?parent=6367"}],"wp:term":[{"taxonomy":"category","embeddable":true,"href":"https:\/\/fgbc.cm\/en\/wp-json\/wp\/v2\/categories?post=6367"},{"taxonomy":"post_tag","embeddable":true,"href":"https:\/\/fgbc.cm\/en\/wp-json\/wp\/v2\/tags?post=6367"}],"curies":[{"name":"wp","href":"https:\/\/api.w.org\/{rel}","templated":true}]}}