{"id":6511,"date":"2023-09-15T14:36:53","date_gmt":"2023-09-15T13:36:53","guid":{"rendered":"https:\/?p=6511"},"modified":"2023-09-15T14:41:41","modified_gmt":"2023-09-15T13:41:41","slug":"lunion-africaine-devient-officiellement-un-nouveau-membre-du-g20","status":"publish","type":"post","link":"https:\/\/fgbc.cm\/en\/2023\/09\/15\/lunion-africaine-devient-officiellement-un-nouveau-membre-du-g20\/","title":{"rendered":"L&#8217;Union africaine devient officiellement un nouveau membre du G20"},"content":{"rendered":"<p><a href=\"https:\/\/www.france24.com\/fr\/asie-pacifique\/20230909-sommet-du-g20-l-union-africaine-prend-officiellement-place-en-tant-que-nouveau-membre\">L&#8217;Union africaine a officiellement pris place samedi en tant que nouveau membre du G20, &#8220;\u00e0 l&#8217;approbation de tous&#8221; et \u00e0 l&#8217;invitation de l&#8217;h\u00f4te du sommet, le Premier ministre indien Narendra Modi. Outre ce message envoy\u00e9 \u00e0 l&#8217;Afrique, les dirigeants vont aussi faire face \u00e0 d&#8217;autre d\u00e9fis durant ce sommet, notamment celui de surmonter leurs divisions sur l&#8217;Ukraine et le climat. Publi\u00e9 le : 09\/09\/2023 &#8211; 07:47 Modifi\u00e9 le : 09\/09\/2023 &#8211;<\/a><\/p>","protected":false},"excerpt":{"rendered":"<p>L&#8217;Union africaine a officiellement pris place samedi en tant que nouveau membre du G20, &#8220;\u00e0 l&#8217;approbation de tous&#8221; et \u00e0 l&#8217;invitation de l&#8217;h\u00f4te du sommet, le Premier ministre indien Narendra Modi. Outre ce message envoy\u00e9 \u00e0 l&#8217;Afrique, les dirigeants vont aussi faire face \u00e0 d&#8217;autre d\u00e9fis durant ce sommet, notamment celui de surmonter leurs divisions &hellip; <a href=\"https:\/\/fgbc.cm\/en\/2023\/09\/15\/lunion-africaine-devient-officiellement-un-nouveau-membre-du-g20\/\" class=\"more-link\">Continue reading <span class=\"screen-reader-text\">L&#8217;Union africaine devient officiellement un nouveau membre du G20<\/span><\/a><\/p>","protected":false},"author":20,"featured_media":6512,"comment_status":"open","ping_status":"open","sticky":false,"template":"","format":"standard","meta":{"inline_featured_image":false,"footnotes":""},"categories":[168],"tags":[],"class_list":["post-6511","post","type-post","status-publish","format-standard","has-post-thumbnail","hentry","category-actualites"],"_links":{"self":[{"href":"https:\/\/fgbc.cm\/en\/wp-json\/wp\/v2\/posts\/6511","targetHints":{"allow":["GET"]}}],"collection":[{"href":"https:\/\/fgbc.cm\/en\/wp-json\/wp\/v2\/posts"}],"about":[{"href":"https:\/\/fgbc.cm\/en\/wp-json\/wp\/v2\/types\/post"}],"author":[{"embeddable":true,"href":"https:\/\/fgbc.cm\/en\/wp-json\/wp\/v2\/users\/20"}],"replies":[{"embeddable":true,"href":"https:\/\/fgbc.cm\/en\/wp-json\/wp\/v2\/comments?post=6511"}],"version-history":[{"count":1,"href":"https:\/\/fgbc.cm\/en\/wp-json\/wp\/v2\/posts\/6511\/revisions"}],"predecessor-version":[{"id":6513,"href":"https:\/\/fgbc.cm\/en\/wp-json\/wp\/v2\/posts\/6511\/revisions\/6513"}],"wp:featuredmedia":[{"embeddable":true,"href":"https:\/\/fgbc.cm\/en\/wp-json\/wp\/v2\/media\/6512"}],"wp:attachment":[{"href":"https:\/\/fgbc.cm\/en\/wp-json\/wp\/v2\/media?parent=6511"}],"wp:term":[{"taxonomy":"category","embeddable":true,"href":"https:\/\/fgbc.cm\/en\/wp-json\/wp\/v2\/categories?post=6511"},{"taxonomy":"post_tag","embeddable":true,"href":"https:\/\/fgbc.cm\/en\/wp-json\/wp\/v2\/tags?post=6511"}],"curies":[{"name":"wp","href":"https:\/\/api.w.org\/{rel}","templated":true}]}}